{"id":4468,"date":"2022-07-11T11:00:06","date_gmt":"2022-07-11T09:00:06","guid":{"rendered":"http:\/\/www.2910essen.net\/blogtom\/?p=4468"},"modified":"2022-07-16T12:17:20","modified_gmt":"2022-07-16T10:17:20","slug":"van-11-14-en-21-juli-en-nog-wel-wat-data","status":"publish","type":"post","link":"https:\/\/www.2910essen.net\/blogtom\/2022\/07\/11\/van-11-14-en-21-juli-en-nog-wel-wat-data\/","title":{"rendered":"Van 11, 14 en 21 juli &#8211; en nog wel wat data"},"content":{"rendered":"<p>Een zichzelf respecterende nationale gemeenschap heeft \u00e9\u00e9n (of enkele) nationale feestdagen nodig.\u00a0 Daarvoor moet dan een datum worden gekozen.\u00a0 Dat gebeurt dan op basis van een historische aanleiding.\u00a0 Maar het belang daarvan moet niet overschat worden : het belangrijkste is om de gemeenschap, de natie, te vieren.\u00a0 De precieze dag is eigenlijk een kwestie van toeval, en de historische gebeurtenis mag het feest niet overschaduwen.\u00a0 Het feit dat er op 14 juli 1789 in de Bastille alleen wat kleine criminelen opgesloten zaten, die daar beter zouden zijn gebleven, of zelfs de vaststelling dat de Franse Revolutie een aantal jaren later de opmaak bleek voor een onvervalste dictatuur, doet geen afbreuk aan de Franse feestvreugde op 14 juli.<\/p>\n<p>De Belgische nationale feestdag is ook al een rariteit : veel bureaucratischer dan een &#8220;eedaflegging&#8221; wordt het niet.\u00a0 Van een toevallige koning, die de Belgische troon boven de Griekse verkoos &#8211; anders hadden ze in Athene misschien 21 juli moeten vieren.\u00a0 Hoe die datum tot stand kwam, is wellicht ook een totaal toevallige beslissing.\u00a0 Ik beeld me in dat er in het Voorlopig Bewind een agendapunt &#8220;eedaflegging&#8221; was, met het voorstel voor de 19e juli.\u00a0 Maar \u00e9\u00e9n of andere baron moest die dag al naar receptie bij een collega, dus dat kon niet.\u00a0 En op 20 juli verjaarde de vrouw van een andere notabele.\u00a0 Tegen de 21e had niemand bezwaar.\u00a0 Welaan dan.<\/p>\n<p>Nu ik het toch al over Griekenland had&#8230; E\u00e9n van de nationale dagen aldaar is 28 oktober.\u00a0 Die datum is gekozen door&#8230; Benito Mussolini, die net op die dag besloot om het land binnen te vallen.\u00a0 Om vervolgens een luid &#8220;\u03cc\u03c7\u03b9&#8221; te horen te krijgen, gevolgd door een flink pak slaag dat pas ophield toen zijn goede collega Adolf Hitler tussenkwam.<\/p>\n<p>En Vlaanderen viert 11 juli.\u00a0 Het is uiterst terecht dat Vlaanderen een nationale feestdag heeft vastgelegd.\u00a0 Daarvoor moet dan een dag worden gekozen.\u00a0 Dat\u00a0 had bijvoorbeeld de eerste zitting van het Vlaams Parlement, of \u00e9\u00e9n van de formele of historische voorlopers kunnen zijn.\u00a0 Maar 11 juli had in Vlaanderen een grotere traditie, en dus viel de keuze terecht daarop : er is geen reden om een andere dag te kiezen als er al \u00e9\u00e9n is.\u00a0 De precieze aanleiding daarvoor is zo goed als elke andere : de in 1302 bij Kortrijk gewonnen slag tegen de Franse koning.\u00a0 Als je dieper gaat graven, dan is dat natuurlijk niet zo&#8217;n perfecte keuze, net zoals de inname van de Bastille dat niet is.\u00a0 De slag was min of meer een Pyrrusoverwinning, en aan beide kanten stonden strijders die we vandaag als Vlaming zouden omschrijven (en overigens eveneens anderen die we vandaag Walen zouden noemen) &#8211; en in het grootste deel van het Vlaanderen van vandaag, in Antwerpen, Mechelen of zeker Limburg zal de slag niet veel belangstelling hebben opgewekt.\u00a0 En dat is geen enkel probleem : 11 juli is de Vlaamse feestdag, los van de realiteit van de Guldensporenslag.\u00a0 Net daarom vind ik het jammer dat al te vaak veel moeite wordt gestoken in het toch maar verbinden van de wereld van vandaag met die van 1302, in navolging van vooral Hendrik Conscience.\u00a0 Daarmee doen we noch de opstandelingen van destijds, noch de Vlamingen van vandaag een plezier.\u00a0 Op 11 juli vieren we het Vlaanderen van vandaag &#8211; en ook wel een beetje dat van gisteren en van morgen.<\/p>\n<p>In Essen werd de viering van die 11e juli een aantal jaren geleden omgedoopt tot &#8220;&#8217;t Park Zomert&#8221;.\u00a0 Dat gaat dan over het Park achter de Oude Pastorij, waar niemand eigenlijk ooit als &#8220;het park&#8221; naar verwijst.\u00a0 Zomeren deed het er dit jaar wel, en de keuze voor de muziek van Boudewijn De Groot als hoofdact aan de Pastorij was alleszins een voltreffer.\u00a0 De Groot, en daarmee ook tekstschrijver Lennaert Nijgh,\u00a0 is voor mij mogelijk \u00e9\u00e9n van de allergrootsten uit de Lage Landen &#8211; die tegelijk po\u00ebet en protestzanger kon zijn en die met het Land van Maas en Waal ook het alternatieve Groot-Nederlandse volkslied vertolkt.\u00a0 Dat jammer genoeg niet gespeeld werd in Essen, waardoor 11 juli er helemaal zonder volkslied voorbij ging.\u00a0 Dat zal de Fransen op de 14e dan weer niet overkomen.<\/p>\n","protected":false},"excerpt":{"rendered":"<p>Een zichzelf respecterende nationale gemeenschap heeft \u00e9\u00e9n (of enkele) nationale feestdagen nodig.\u00a0 Daarvoor moet dan een datum worden gekozen.\u00a0 Dat gebeurt dan op basis van een historische aanleiding.\u00a0 Maar het belang daarvan moet niet overschat worden : het belangrijkste is om de gemeenschap, de natie, te vieren.\u00a0 De precieze dag is eigenlijk een kwestie van toeval, en de historische gebeurtenis mag het feest niet overschaduwen.\u00a0 Het feit dat er op 14 juli 1789 in de Bastille alleen wat kleine criminelen&#8230;<\/p>\n<p class=\"read-more\"><a class=\"btn btn-default\" href=\"https:\/\/www.2910essen.net\/blogtom\/2022\/07\/11\/van-11-14-en-21-juli-en-nog-wel-wat-data\/\"> Lees Meer<span class=\"screen-reader-text\">  Lees Meer<\/span><\/a><\/p>\n","protected":false},"author":1,"featured_media":4469,"comment_status":"closed","ping_status":"closed","sticky":false,"template":"","format":"standard","meta":[],"categories":[11,6,8],"tags":[],"_links":{"self":[{"href":"https:\/\/www.2910essen.net\/blogtom\/wp-json\/wp\/v2\/posts\/4468"}],"collection":[{"href":"https:\/\/www.2910essen.net\/blogtom\/wp-json\/wp\/v2\/posts"}],"about":[{"href":"https:\/\/www.2910essen.net\/blogtom\/wp-json\/wp\/v2\/types\/post"}],"author":[{"embeddable":true,"href":"https:\/\/www.2910essen.net\/blogtom\/wp-json\/wp\/v2\/users\/1"}],"replies":[{"embeddable":true,"href":"https:\/\/www.2910essen.net\/blogtom\/wp-json\/wp\/v2\/comments?post=4468"}],"version-history":[{"count":1,"href":"https:\/\/www.2910essen.net\/blogtom\/wp-json\/wp\/v2\/posts\/4468\/revisions"}],"predecessor-version":[{"id":4470,"href":"https:\/\/www.2910essen.net\/blogtom\/wp-json\/wp\/v2\/posts\/4468\/revisions\/4470"}],"wp:featuredmedia":[{"embeddable":true,"href":"https:\/\/www.2910essen.net\/blogtom\/wp-json\/wp\/v2\/media\/4469"}],"wp:attachment":[{"href":"https:\/\/www.2910essen.net\/blogtom\/wp-json\/wp\/v2\/media?parent=4468"}],"wp:term":[{"taxonomy":"category","embeddable":true,"href":"https:\/\/www.2910essen.net\/blogtom\/wp-json\/wp\/v2\/categories?post=4468"},{"taxonomy":"post_tag","embeddable":true,"href":"https:\/\/www.2910essen.net\/blogtom\/wp-json\/wp\/v2\/tags?post=4468"}],"curies":[{"name":"wp","href":"https:\/\/api.w.org\/{rel}","templated":true}]}}